{"id":6879,"date":"2023-03-10T17:10:23","date_gmt":"2023-03-10T20:10:23","guid":{"rendered":"https:\/\/www.mtgsc.com.br\/?p=6879"},"modified":"2023-03-10T17:10:23","modified_gmt":"2023-03-10T20:10:23","slug":"numeros-do-xx-rodeio-estadual-de-campeoes","status":"publish","type":"post","link":"https:\/\/www.mtgsc.com.br\/en\/numeros-do-xx-rodeio-estadual-de-campeoes\/","title":{"rendered":"N\u00fameros do XX Rodeio Estadual de Campe\u00f5es"},"content":{"rendered":"<p>A 20\u00aa edi\u00e7\u00e3o do Rodeio Estadual de Campe\u00f5es, foi realizada entre os dias 09 a 12 de fevereiro de 2023, no Parque de Exposi\u00e7\u00f5es Manoel Pr\u00e1 em Urubici\/SC.<br \/>\nForam dias de muito trabalho, de rever amigos, de muita emo\u00e7\u00e3o, mas acima de tudo foi de muito tradicionalismo.<br \/>\nO maior Rodeio realizado at\u00e9 o momento pelo Movimento Tradicionalista Ga\u00facho do Estado de Santa Catarina, contou com 1.640 inscritos entre todas as modalidades que foram realizadas, com destaque a participa\u00e7\u00e3o na modalidade de Vaca Parada, contando com 237 inscritos.<br \/>\nAlguns n\u00fameros do que aconteceu no XX Rodeio Estadual de Campe\u00f5es:<\/p>\n<table>\n<tbody>\n<tr>\n<td><b>Modalidade<\/b><\/td>\n<td><b>Armadas<\/b><\/td>\n<\/tr>\n<tr>\n<td><span style=\"font-weight: 400;\">Pe\u00e3o<\/span><\/td>\n<td><span style=\"font-weight: 400;\">1.700<\/span><\/td>\n<\/tr>\n<tr>\n<td><span style=\"font-weight: 400;\">Patr\u00e3o de CTG<\/span><\/td>\n<td><span style=\"font-weight: 400;\">788<\/span><\/td>\n<\/tr>\n<tr>\n<td><span style=\"font-weight: 400;\">Prenda Adulta<\/span><\/td>\n<td><span style=\"font-weight: 400;\">589<\/span><\/td>\n<\/tr>\n<tr>\n<td><span style=\"font-weight: 400;\">Prenda Juvenil<\/span><\/td>\n<td><span style=\"font-weight: 400;\">348<\/span><\/td>\n<\/tr>\n<tr>\n<td><span style=\"font-weight: 400;\">Prenda Mirim<\/span><\/td>\n<td><span style=\"font-weight: 400;\">276<\/span><\/td>\n<\/tr>\n<tr>\n<td><span style=\"font-weight: 400;\">Patr\u00e3o de Piquete<\/span><\/td>\n<td><span style=\"font-weight: 400;\">510<\/span><\/td>\n<\/tr>\n<tr>\n<td><span style=\"font-weight: 400;\">Pai\/Filha<\/span><\/td>\n<td><span style=\"font-weight: 400;\">464<\/span><\/td>\n<\/tr>\n<tr>\n<td><span style=\"font-weight: 400;\">Pai\/Filho<\/span><\/td>\n<td><span style=\"font-weight: 400;\">510<\/span><\/td>\n<\/tr>\n<tr>\n<td><span style=\"font-weight: 400;\">Dupla Irm\u00e3os<\/span><\/td>\n<td><span style=\"font-weight: 400;\">58<\/span><\/td>\n<\/tr>\n<tr>\n<td><span style=\"font-weight: 400;\">Dupla Pi\u00e1<\/span><\/td>\n<td><span style=\"font-weight: 400;\">514<\/span><\/td>\n<\/tr>\n<tr>\n<td><span style=\"font-weight: 400;\">Dupla Guri<\/span><\/td>\n<td><span style=\"font-weight: 400;\">668<\/span><\/td>\n<\/tr>\n<tr>\n<td><span style=\"font-weight: 400;\">Diretoria<\/span><\/td>\n<td><span style=\"font-weight: 400;\">436<\/span><\/td>\n<\/tr>\n<tr>\n<td><span style=\"font-weight: 400;\">Av\u00f4\/Neto<\/span><\/td>\n<td><span style=\"font-weight: 400;\">198<\/span><\/td>\n<\/tr>\n<tr>\n<td><span style=\"font-weight: 400;\">Tr\u00eas Gera\u00e7\u00f5es<\/span><\/td>\n<td><span style=\"font-weight: 400;\">387<\/span><\/td>\n<\/tr>\n<tr>\n<td><span style=\"font-weight: 400;\">Veterano<\/span><\/td>\n<td><span style=\"font-weight: 400;\">219<\/span><\/td>\n<\/tr>\n<tr>\n<td><span style=\"font-weight: 400;\">Vaqueano<\/span><\/td>\n<td><span style=\"font-weight: 400;\">187<\/span><\/td>\n<\/tr>\n<tr>\n<td><b>Subtotal<\/b><\/td>\n<td><b>8.382<\/b><\/td>\n<\/tr>\n<\/tbody>\n<\/table>\n<p><span style=\"font-weight: 400;\">Apresentamos tamb\u00e9m, a pontua\u00e7\u00e3o final, cujo resultado consagrou a 7\u00aa RT como Campe\u00e3 Geral do XX Rodeio Estadual de Campe\u00f5es:<\/span><\/p>\n<table>\n<tbody>\n<tr>\n<td><b>Classifica\u00e7\u00e3o<\/b><\/td>\n<td><b>RT<\/b><\/td>\n<td><b>Pontua\u00e7\u00e3o<\/b><\/td>\n<\/tr>\n<tr>\n<td><span style=\"font-weight: 400;\">1\u00ba Lugar<\/span><\/td>\n<td><span style=\"font-weight: 400;\">7\u00aa<\/span><\/td>\n<td><span style=\"font-weight: 400;\">116<\/span><\/td>\n<\/tr>\n<tr>\n<td><span style=\"font-weight: 400;\">2\u00ba Lugar<\/span><\/td>\n<td><span style=\"font-weight: 400;\">6\u00aa<\/span><\/td>\n<td><span style=\"font-weight: 400;\">110<\/span><\/td>\n<\/tr>\n<tr>\n<td><span style=\"font-weight: 400;\">3\u00ba Lugar<\/span><\/td>\n<td><span style=\"font-weight: 400;\">1\u00aa<\/span><\/td>\n<td><span style=\"font-weight: 400;\">95<\/span><\/td>\n<\/tr>\n<tr>\n<td><span style=\"font-weight: 400;\">4\u00ba Lugar<\/span><\/td>\n<td><span style=\"font-weight: 400;\">15\u00aa<\/span><\/td>\n<td><span style=\"font-weight: 400;\">78<\/span><\/td>\n<\/tr>\n<tr>\n<td><span style=\"font-weight: 400;\">5\u00ba Lugar<\/span><\/td>\n<td><span style=\"font-weight: 400;\">5\u00aa<\/span><\/td>\n<td><span style=\"font-weight: 400;\">57<\/span><\/td>\n<\/tr>\n<tr>\n<td><span style=\"font-weight: 400;\">6\u00ba Lugar<\/span><\/td>\n<td><span style=\"font-weight: 400;\">2\u00aa<\/span><\/td>\n<td><span style=\"font-weight: 400;\">50<\/span><\/td>\n<\/tr>\n<tr>\n<td><span style=\"font-weight: 400;\">7\u00ba Lugar<\/span><\/td>\n<td><span style=\"font-weight: 400;\">11\u00aa<\/span><\/td>\n<td><span style=\"font-weight: 400;\">48<\/span><\/td>\n<\/tr>\n<tr>\n<td><span style=\"font-weight: 400;\">8\u00ba Lugar<\/span><\/td>\n<td><span style=\"font-weight: 400;\">3\u00aa<\/span><\/td>\n<td><span style=\"font-weight: 400;\">46<\/span><\/td>\n<\/tr>\n<tr>\n<td><span style=\"font-weight: 400;\">9\u00ba Lugar<\/span><\/td>\n<td><span style=\"font-weight: 400;\">4\u00aa<\/span><\/td>\n<td><span style=\"font-weight: 400;\">38<\/span><\/td>\n<\/tr>\n<tr>\n<td><span style=\"font-weight: 400;\">10\u00ba Lugar<\/span><\/td>\n<td><span style=\"font-weight: 400;\">10\u00aa<\/span><\/td>\n<td><span style=\"font-weight: 400;\">37<\/span><\/td>\n<\/tr>\n<tr>\n<td><span style=\"font-weight: 400;\">11\u00ba Lugar<\/span><\/td>\n<td><span style=\"font-weight: 400;\">13\u00aa<\/span><\/td>\n<td><span style=\"font-weight: 400;\">31<\/span><\/td>\n<\/tr>\n<tr>\n<td><span style=\"font-weight: 400;\">12\u00ba Lugar<\/span><\/td>\n<td><span style=\"font-weight: 400;\">8\u00aa<\/span><\/td>\n<td><span style=\"font-weight: 400;\">21<\/span><\/td>\n<\/tr>\n<tr>\n<td><span style=\"font-weight: 400;\">13\u00ba Lugar<\/span><\/td>\n<td><span style=\"font-weight: 400;\">9\u00aa<\/span><\/td>\n<td><span style=\"font-weight: 400;\">17<\/span><\/td>\n<\/tr>\n<tr>\n<td><span style=\"font-weight: 400;\">14\u00ba Lugar<\/span><\/td>\n<td><span style=\"font-weight: 400;\">12\u00aa<\/span><\/td>\n<td><span style=\"font-weight: 400;\">16<\/span><\/td>\n<\/tr>\n<tr>\n<td><span style=\"font-weight: 400;\">15\u00ba Lugar<\/span><\/td>\n<td><span style=\"font-weight: 400;\">14\u00aa<\/span><\/td>\n<td><span style=\"font-weight: 400;\">8<\/span><\/td>\n<\/tr>\n<tr>\n<td><span style=\"font-weight: 400;\">16\u00ba Lugar<\/span><\/td>\n<td><span style=\"font-weight: 400;\">16\u00aa<\/span><\/td>\n<td><span style=\"font-weight: 400;\">0<\/span><\/td>\n<\/tr>\n<tr>\n<td><span style=\"font-weight: 400;\">17\u00ba Lugar<\/span><\/td>\n<td><span style=\"font-weight: 400;\">17\u00aa<\/span><\/td>\n<td><span style=\"font-weight: 400;\">0<\/span><\/td>\n<\/tr>\n<\/tbody>\n<\/table>\n<p><span style=\"font-weight: 400;\">Agradecemos a Diretoria, a Comiss\u00e3o Organizadora, as Comiss\u00f5es do Departamento Campeiro, ao Prendado, as entidades Art\u00edsticas e aos parceiros pelo empenho e dedica\u00e7\u00e3o para a realiza\u00e7\u00e3o do XX Rodeio Estadual de Campe\u00f5es.\u00a0<\/span><\/p>\n<p><span style=\"font-weight: 400;\">\u00a0<\/span><span style=\"font-weight: 400;\">Gra\u00e7as a esse envolvimento de cada um, o evento foi um sucesso e acreditamos que atingiu a finalidade de realizar o maior encontro campeiro do Estado de Santa Catarina, e assim termos a rela\u00e7\u00e3o de quem representar\u00e1 Santa Catarina no 20\u00ba Rodeio Crioulo Nacional de Campe\u00f5es.<\/span><\/p>\n<p><span style=\"font-weight: 400;\">Parab\u00e9ns aos Campe\u00f5es!<\/span><\/p>\n<p><span style=\"font-weight: 400;\">Rumo a Irati\/PR 2023, nos encontramos l\u00e1!<\/span><\/p>\n<p><b>Diretoria Executiva 2022\/2025<\/b><\/p>","protected":false},"excerpt":{"rendered":"<p>A 20\u00aa edi\u00e7\u00e3o do Rodeio Estadual de Campe\u00f5es, foi realizada entre os dias 09 a 12 de fevereiro de 2023, no Parque de Exposi\u00e7\u00f5es Manoel&hellip;<\/p>","protected":false},"author":4,"featured_media":6133,"comment_status":"open","ping_status":"open","sticky":false,"template":"","format":"standard","meta":{"footnotes":""},"categories":[1],"tags":[],"class_list":["post-6879","post","type-post","status-publish","format-standard","has-post-thumbnail","hentry","category-noticias"],"yoast_head":"<!-- This site is optimized with the Yoast SEO plugin v28.3 - https:\/\/yoast.com\/product\/yoast-seo-wordpress\/ -->\n<title>N\u00fameros do XX Rodeio Estadual de Campe\u00f5es - MTG\/SC - Movimento Tradicionalista Ga\u00facho do Estado de Santa Catarina<\/title>\n<meta name=\"robots\" content=\"index, follow, max-snippet:-1, max-image-preview:large, max-video-preview:-1\" \/>\n<link rel=\"canonical\" href=\"https:\/\/www.mtgsc.com.br\/en\/numeros-do-xx-rodeio-estadual-de-campeoes\/\" \/>\n<meta property=\"og:locale\" content=\"en_US\" \/>\n<meta property=\"og:type\" content=\"article\" \/>\n<meta property=\"og:title\" content=\"N\u00fameros do XX Rodeio Estadual de Campe\u00f5es - MTG\/SC - Movimento Tradicionalista Ga\u00facho do Estado de Santa Catarina\" \/>\n<meta property=\"og:description\" content=\"A 20\u00aa edi\u00e7\u00e3o do Rodeio Estadual de Campe\u00f5es, foi realizada entre os dias 09 a 12 de fevereiro de 2023, no Parque de Exposi\u00e7\u00f5es Manoel&hellip;\" \/>\n<meta property=\"og:url\" content=\"https:\/\/www.mtgsc.com.br\/en\/numeros-do-xx-rodeio-estadual-de-campeoes\/\" \/>\n<meta property=\"og:site_name\" content=\"MTG\/SC - Movimento Tradicionalista Ga\u00facho do Estado de Santa Catarina\" \/>\n<meta property=\"article:publisher\" content=\"https:\/\/www.facebook.com\/MTGSC\" \/>\n<meta property=\"article:published_time\" content=\"2023-03-10T20:10:23+00:00\" \/>\n<meta property=\"og:image\" content=\"https:\/\/www.mtgsc.com.br\/wp-content\/uploads\/2022\/12\/banner-lateral-rodeio-dos-campeoes.jpg\" \/>\n\t<meta property=\"og:image:width\" content=\"500\" \/>\n\t<meta property=\"og:image:height\" content=\"433\" \/>\n\t<meta property=\"og:image:type\" content=\"image\/jpeg\" \/>\n<meta name=\"author\" content=\"MTG SC\" \/>\n<meta name=\"twitter:card\" content=\"summary_large_image\" \/>\n<meta name=\"twitter:label1\" content=\"Written by\" \/>\n\t<meta name=\"twitter:data1\" content=\"MTG SC\" \/>\n\t<meta name=\"twitter:label2\" content=\"Est. reading time\" \/>\n\t<meta name=\"twitter:data2\" content=\"2 minutes\" \/>\n<script type=\"application\/ld+json\" class=\"yoast-schema-graph\">{\"@context\":\"https:\\\/\\\/schema.org\",\"@graph\":[{\"@type\":\"Article\",\"@id\":\"https:\\\/\\\/www.mtgsc.com.br\\\/numeros-do-xx-rodeio-estadual-de-campeoes\\\/#article\",\"isPartOf\":{\"@id\":\"https:\\\/\\\/www.mtgsc.com.br\\\/numeros-do-xx-rodeio-estadual-de-campeoes\\\/\"},\"author\":{\"name\":\"MTG SC\",\"@id\":\"https:\\\/\\\/www.mtgsc.com.br\\\/#\\\/schema\\\/person\\\/1c4296606d2ecd39b312666110caacd2\"},\"headline\":\"N\u00fameros do XX Rodeio Estadual de Campe\u00f5es\",\"datePublished\":\"2023-03-10T20:10:23+00:00\",\"mainEntityOfPage\":{\"@id\":\"https:\\\/\\\/www.mtgsc.com.br\\\/numeros-do-xx-rodeio-estadual-de-campeoes\\\/\"},\"wordCount\":293,\"commentCount\":0,\"publisher\":{\"@id\":\"https:\\\/\\\/www.mtgsc.com.br\\\/#organization\"},\"image\":{\"@id\":\"https:\\\/\\\/www.mtgsc.com.br\\\/numeros-do-xx-rodeio-estadual-de-campeoes\\\/#primaryimage\"},\"thumbnailUrl\":\"https:\\\/\\\/www.mtgsc.com.br\\\/wp-content\\\/uploads\\\/2022\\\/12\\\/banner-lateral-rodeio-dos-campeoes.jpg\",\"articleSection\":[\"Not\u00edcias\"],\"inLanguage\":\"en-US\",\"potentialAction\":[{\"@type\":\"CommentAction\",\"name\":\"Comment\",\"target\":[\"https:\\\/\\\/www.mtgsc.com.br\\\/numeros-do-xx-rodeio-estadual-de-campeoes\\\/#respond\"]}]},{\"@type\":\"WebPage\",\"@id\":\"https:\\\/\\\/www.mtgsc.com.br\\\/numeros-do-xx-rodeio-estadual-de-campeoes\\\/\",\"url\":\"https:\\\/\\\/www.mtgsc.com.br\\\/numeros-do-xx-rodeio-estadual-de-campeoes\\\/\",\"name\":\"N\u00fameros do XX Rodeio Estadual de Campe\u00f5es - MTG\\\/SC - Movimento Tradicionalista Ga\u00facho do Estado de Santa Catarina\",\"isPartOf\":{\"@id\":\"https:\\\/\\\/www.mtgsc.com.br\\\/#website\"},\"primaryImageOfPage\":{\"@id\":\"https:\\\/\\\/www.mtgsc.com.br\\\/numeros-do-xx-rodeio-estadual-de-campeoes\\\/#primaryimage\"},\"image\":{\"@id\":\"https:\\\/\\\/www.mtgsc.com.br\\\/numeros-do-xx-rodeio-estadual-de-campeoes\\\/#primaryimage\"},\"thumbnailUrl\":\"https:\\\/\\\/www.mtgsc.com.br\\\/wp-content\\\/uploads\\\/2022\\\/12\\\/banner-lateral-rodeio-dos-campeoes.jpg\",\"datePublished\":\"2023-03-10T20:10:23+00:00\",\"breadcrumb\":{\"@id\":\"https:\\\/\\\/www.mtgsc.com.br\\\/numeros-do-xx-rodeio-estadual-de-campeoes\\\/#breadcrumb\"},\"inLanguage\":\"en-US\",\"potentialAction\":[{\"@type\":\"ReadAction\",\"target\":[\"https:\\\/\\\/www.mtgsc.com.br\\\/numeros-do-xx-rodeio-estadual-de-campeoes\\\/\"]}]},{\"@type\":\"ImageObject\",\"inLanguage\":\"en-US\",\"@id\":\"https:\\\/\\\/www.mtgsc.com.br\\\/numeros-do-xx-rodeio-estadual-de-campeoes\\\/#primaryimage\",\"url\":\"https:\\\/\\\/www.mtgsc.com.br\\\/wp-content\\\/uploads\\\/2022\\\/12\\\/banner-lateral-rodeio-dos-campeoes.jpg\",\"contentUrl\":\"https:\\\/\\\/www.mtgsc.com.br\\\/wp-content\\\/uploads\\\/2022\\\/12\\\/banner-lateral-rodeio-dos-campeoes.jpg\",\"width\":500,\"height\":433},{\"@type\":\"BreadcrumbList\",\"@id\":\"https:\\\/\\\/www.mtgsc.com.br\\\/numeros-do-xx-rodeio-estadual-de-campeoes\\\/#breadcrumb\",\"itemListElement\":[{\"@type\":\"ListItem\",\"position\":1,\"name\":\"In\u00edcio\",\"item\":\"https:\\\/\\\/www.mtgsc.com.br\\\/\"},{\"@type\":\"ListItem\",\"position\":2,\"name\":\"N\u00fameros do XX Rodeio Estadual de Campe\u00f5es\"}]},{\"@type\":\"WebSite\",\"@id\":\"https:\\\/\\\/www.mtgsc.com.br\\\/#website\",\"url\":\"https:\\\/\\\/www.mtgsc.com.br\\\/\",\"name\":\"MTG\\\/SC 50 ANOS\",\"description\":\"Honrar a Hist\u00f3ria e Construir o Futuro\",\"publisher\":{\"@id\":\"https:\\\/\\\/www.mtgsc.com.br\\\/#organization\"},\"potentialAction\":[{\"@type\":\"SearchAction\",\"target\":{\"@type\":\"EntryPoint\",\"urlTemplate\":\"https:\\\/\\\/www.mtgsc.com.br\\\/?s={search_term_string}\"},\"query-input\":{\"@type\":\"PropertyValueSpecification\",\"valueRequired\":true,\"valueName\":\"search_term_string\"}}],\"inLanguage\":\"en-US\"},{\"@type\":\"Organization\",\"@id\":\"https:\\\/\\\/www.mtgsc.com.br\\\/#organization\",\"name\":\"MTG\\\/SC - Movimento Tradicionalista Ga\u00facho de Santa Catarina\",\"alternateName\":\"Movimento Tradicionalista Ga\u00facho de Santa Catarina\",\"url\":\"https:\\\/\\\/www.mtgsc.com.br\\\/\",\"logo\":{\"@type\":\"ImageObject\",\"inLanguage\":\"en-US\",\"@id\":\"https:\\\/\\\/www.mtgsc.com.br\\\/#\\\/schema\\\/logo\\\/image\\\/\",\"url\":\"https:\\\/\\\/www.mtgsc.com.br\\\/wp-content\\\/uploads\\\/2022\\\/03\\\/logo-2018-header-light.png\",\"contentUrl\":\"https:\\\/\\\/www.mtgsc.com.br\\\/wp-content\\\/uploads\\\/2022\\\/03\\\/logo-2018-header-light.png\",\"width\":169,\"height\":150,\"caption\":\"MTG\\\/SC - Movimento Tradicionalista Ga\u00facho de Santa Catarina\"},\"image\":{\"@id\":\"https:\\\/\\\/www.mtgsc.com.br\\\/#\\\/schema\\\/logo\\\/image\\\/\"},\"sameAs\":[\"https:\\\/\\\/www.facebook.com\\\/MTGSC\",\"https:\\\/\\\/www.instagram.com\\\/mtgsc\\\/\"]},{\"@type\":\"Person\",\"@id\":\"https:\\\/\\\/www.mtgsc.com.br\\\/#\\\/schema\\\/person\\\/1c4296606d2ecd39b312666110caacd2\",\"name\":\"MTG SC\",\"image\":{\"@type\":\"ImageObject\",\"inLanguage\":\"en-US\",\"@id\":\"https:\\\/\\\/secure.gravatar.com\\\/avatar\\\/8529d156fb07a1cf9a6a67aee8b7eb6a99e057416ea9649eeda06332bb9ea173?s=96&d=mm&r=g\",\"url\":\"https:\\\/\\\/secure.gravatar.com\\\/avatar\\\/8529d156fb07a1cf9a6a67aee8b7eb6a99e057416ea9649eeda06332bb9ea173?s=96&d=mm&r=g\",\"contentUrl\":\"https:\\\/\\\/secure.gravatar.com\\\/avatar\\\/8529d156fb07a1cf9a6a67aee8b7eb6a99e057416ea9649eeda06332bb9ea173?s=96&d=mm&r=g\",\"caption\":\"MTG SC\"},\"url\":\"https:\\\/\\\/www.mtgsc.com.br\\\/en\\\/author\\\/mtgsc\\\/\"}]}<\/script>\n<!-- \/ Yoast SEO plugin. -->","yoast_head_json":{"title":"N\u00fameros do XX Rodeio Estadual de Campe\u00f5es - MTG\/SC - Movimento Tradicionalista Ga\u00facho do Estado de Santa Catarina","robots":{"index":"index","follow":"follow","max-snippet":"max-snippet:-1","max-image-preview":"max-image-preview:large","max-video-preview":"max-video-preview:-1"},"canonical":"https:\/\/www.mtgsc.com.br\/en\/numeros-do-xx-rodeio-estadual-de-campeoes\/","og_locale":"en_US","og_type":"article","og_title":"N\u00fameros do XX Rodeio Estadual de Campe\u00f5es - MTG\/SC - Movimento Tradicionalista Ga\u00facho do Estado de Santa Catarina","og_description":"A 20\u00aa edi\u00e7\u00e3o do Rodeio Estadual de Campe\u00f5es, foi realizada entre os dias 09 a 12 de fevereiro de 2023, no Parque de Exposi\u00e7\u00f5es Manoel&hellip;","og_url":"https:\/\/www.mtgsc.com.br\/en\/numeros-do-xx-rodeio-estadual-de-campeoes\/","og_site_name":"MTG\/SC - Movimento Tradicionalista Ga\u00facho do Estado de Santa Catarina","article_publisher":"https:\/\/www.facebook.com\/MTGSC","article_published_time":"2023-03-10T20:10:23+00:00","og_image":[{"width":500,"height":433,"url":"https:\/\/www.mtgsc.com.br\/wp-content\/uploads\/2022\/12\/banner-lateral-rodeio-dos-campeoes.jpg","type":"image\/jpeg"}],"author":"MTG SC","twitter_card":"summary_large_image","twitter_misc":{"Written by":"MTG SC","Est. reading time":"2 minutes"},"schema":{"@context":"https:\/\/schema.org","@graph":[{"@type":"Article","@id":"https:\/\/www.mtgsc.com.br\/numeros-do-xx-rodeio-estadual-de-campeoes\/#article","isPartOf":{"@id":"https:\/\/www.mtgsc.com.br\/numeros-do-xx-rodeio-estadual-de-campeoes\/"},"author":{"name":"MTG SC","@id":"https:\/\/www.mtgsc.com.br\/#\/schema\/person\/1c4296606d2ecd39b312666110caacd2"},"headline":"N\u00fameros do XX Rodeio Estadual de Campe\u00f5es","datePublished":"2023-03-10T20:10:23+00:00","mainEntityOfPage":{"@id":"https:\/\/www.mtgsc.com.br\/numeros-do-xx-rodeio-estadual-de-campeoes\/"},"wordCount":293,"commentCount":0,"publisher":{"@id":"https:\/\/www.mtgsc.com.br\/#organization"},"image":{"@id":"https:\/\/www.mtgsc.com.br\/numeros-do-xx-rodeio-estadual-de-campeoes\/#primaryimage"},"thumbnailUrl":"https:\/\/www.mtgsc.com.br\/wp-content\/uploads\/2022\/12\/banner-lateral-rodeio-dos-campeoes.jpg","articleSection":["Not\u00edcias"],"inLanguage":"en-US","potentialAction":[{"@type":"CommentAction","name":"Comment","target":["https:\/\/www.mtgsc.com.br\/numeros-do-xx-rodeio-estadual-de-campeoes\/#respond"]}]},{"@type":"WebPage","@id":"https:\/\/www.mtgsc.com.br\/numeros-do-xx-rodeio-estadual-de-campeoes\/","url":"https:\/\/www.mtgsc.com.br\/numeros-do-xx-rodeio-estadual-de-campeoes\/","name":"N\u00fameros do XX Rodeio Estadual de Campe\u00f5es - MTG\/SC - Movimento Tradicionalista Ga\u00facho do Estado de Santa Catarina","isPartOf":{"@id":"https:\/\/www.mtgsc.com.br\/#website"},"primaryImageOfPage":{"@id":"https:\/\/www.mtgsc.com.br\/numeros-do-xx-rodeio-estadual-de-campeoes\/#primaryimage"},"image":{"@id":"https:\/\/www.mtgsc.com.br\/numeros-do-xx-rodeio-estadual-de-campeoes\/#primaryimage"},"thumbnailUrl":"https:\/\/www.mtgsc.com.br\/wp-content\/uploads\/2022\/12\/banner-lateral-rodeio-dos-campeoes.jpg","datePublished":"2023-03-10T20:10:23+00:00","breadcrumb":{"@id":"https:\/\/www.mtgsc.com.br\/numeros-do-xx-rodeio-estadual-de-campeoes\/#breadcrumb"},"inLanguage":"en-US","potentialAction":[{"@type":"ReadAction","target":["https:\/\/www.mtgsc.com.br\/numeros-do-xx-rodeio-estadual-de-campeoes\/"]}]},{"@type":"ImageObject","inLanguage":"en-US","@id":"https:\/\/www.mtgsc.com.br\/numeros-do-xx-rodeio-estadual-de-campeoes\/#primaryimage","url":"https:\/\/www.mtgsc.com.br\/wp-content\/uploads\/2022\/12\/banner-lateral-rodeio-dos-campeoes.jpg","contentUrl":"https:\/\/www.mtgsc.com.br\/wp-content\/uploads\/2022\/12\/banner-lateral-rodeio-dos-campeoes.jpg","width":500,"height":433},{"@type":"BreadcrumbList","@id":"https:\/\/www.mtgsc.com.br\/numeros-do-xx-rodeio-estadual-de-campeoes\/#breadcrumb","itemListElement":[{"@type":"ListItem","position":1,"name":"In\u00edcio","item":"https:\/\/www.mtgsc.com.br\/"},{"@type":"ListItem","position":2,"name":"N\u00fameros do XX Rodeio Estadual de Campe\u00f5es"}]},{"@type":"WebSite","@id":"https:\/\/www.mtgsc.com.br\/#website","url":"https:\/\/www.mtgsc.com.br\/","name":"MTG\/SC 50 ANOS","description":"Honrar a Hist\u00f3ria e Construir o Futuro","publisher":{"@id":"https:\/\/www.mtgsc.com.br\/#organization"},"potentialAction":[{"@type":"SearchAction","target":{"@type":"EntryPoint","urlTemplate":"https:\/\/www.mtgsc.com.br\/?s={search_term_string}"},"query-input":{"@type":"PropertyValueSpecification","valueRequired":true,"valueName":"search_term_string"}}],"inLanguage":"en-US"},{"@type":"Organization","@id":"https:\/\/www.mtgsc.com.br\/#organization","name":"MTG\/SC - Movimento Tradicionalista Ga\u00facho de Santa Catarina","alternateName":"Movimento Tradicionalista Ga\u00facho de Santa Catarina","url":"https:\/\/www.mtgsc.com.br\/","logo":{"@type":"ImageObject","inLanguage":"en-US","@id":"https:\/\/www.mtgsc.com.br\/#\/schema\/logo\/image\/","url":"https:\/\/www.mtgsc.com.br\/wp-content\/uploads\/2022\/03\/logo-2018-header-light.png","contentUrl":"https:\/\/www.mtgsc.com.br\/wp-content\/uploads\/2022\/03\/logo-2018-header-light.png","width":169,"height":150,"caption":"MTG\/SC - Movimento Tradicionalista Ga\u00facho de Santa Catarina"},"image":{"@id":"https:\/\/www.mtgsc.com.br\/#\/schema\/logo\/image\/"},"sameAs":["https:\/\/www.facebook.com\/MTGSC","https:\/\/www.instagram.com\/mtgsc\/"]},{"@type":"Person","@id":"https:\/\/www.mtgsc.com.br\/#\/schema\/person\/1c4296606d2ecd39b312666110caacd2","name":"MTG SC","image":{"@type":"ImageObject","inLanguage":"en-US","@id":"https:\/\/secure.gravatar.com\/avatar\/8529d156fb07a1cf9a6a67aee8b7eb6a99e057416ea9649eeda06332bb9ea173?s=96&d=mm&r=g","url":"https:\/\/secure.gravatar.com\/avatar\/8529d156fb07a1cf9a6a67aee8b7eb6a99e057416ea9649eeda06332bb9ea173?s=96&d=mm&r=g","contentUrl":"https:\/\/secure.gravatar.com\/avatar\/8529d156fb07a1cf9a6a67aee8b7eb6a99e057416ea9649eeda06332bb9ea173?s=96&d=mm&r=g","caption":"MTG SC"},"url":"https:\/\/www.mtgsc.com.br\/en\/author\/mtgsc\/"}]}},"_links":{"self":[{"href":"https:\/\/www.mtgsc.com.br\/en\/wp-json\/wp\/v2\/posts\/6879","targetHints":{"allow":["GET"]}}],"collection":[{"href":"https:\/\/www.mtgsc.com.br\/en\/wp-json\/wp\/v2\/posts"}],"about":[{"href":"https:\/\/www.mtgsc.com.br\/en\/wp-json\/wp\/v2\/types\/post"}],"author":[{"embeddable":true,"href":"https:\/\/www.mtgsc.com.br\/en\/wp-json\/wp\/v2\/users\/4"}],"replies":[{"embeddable":true,"href":"https:\/\/www.mtgsc.com.br\/en\/wp-json\/wp\/v2\/comments?post=6879"}],"version-history":[{"count":1,"href":"https:\/\/www.mtgsc.com.br\/en\/wp-json\/wp\/v2\/posts\/6879\/revisions"}],"predecessor-version":[{"id":6880,"href":"https:\/\/www.mtgsc.com.br\/en\/wp-json\/wp\/v2\/posts\/6879\/revisions\/6880"}],"wp:featuredmedia":[{"embeddable":true,"href":"https:\/\/www.mtgsc.com.br\/en\/wp-json\/wp\/v2\/media\/6133"}],"wp:attachment":[{"href":"https:\/\/www.mtgsc.com.br\/en\/wp-json\/wp\/v2\/media?parent=6879"}],"wp:term":[{"taxonomy":"category","embeddable":true,"href":"https:\/\/www.mtgsc.com.br\/en\/wp-json\/wp\/v2\/categories?post=6879"},{"taxonomy":"post_tag","embeddable":true,"href":"https:\/\/www.mtgsc.com.br\/en\/wp-json\/wp\/v2\/tags?post=6879"}],"curies":[{"name":"wp","href":"https:\/\/api.w.org\/{rel}","templated":true}]}}